{"id":1356,"date":"2020-01-02T20:31:18","date_gmt":"2020-01-02T19:31:18","guid":{"rendered":"http:\/\/grupobazan.es\/?p=1356"},"modified":"2020-12-01T10:42:29","modified_gmt":"2020-12-01T10:42:29","slug":"3-integrantes-do-grupo-bazan-galardoados-na-gala-da-federacion-galega-de-karate","status":"publish","type":"post","link":"https:\/\/www.grupobazan.es\/?p=1356","title":{"rendered":"3 INTEGRANTES DO GRUPO BAZAN GALARDOADOS NA GALA DA FEDERACI\u00d3N GALEGA DE KARATE"},"content":{"rendered":"<p>O Domingo 29 de decembro, a Federaci\u00f3n Galega de Karate celebrou en Ferrol a s\u00faa IX Gala do Karate Gallego. Evento onde a m\u00e1xima instituci\u00f3n desta arte marcial en Galicia, reco\u00f1ece a deportistas, t\u00e9cnicos e clubs con medallas nacionais na presente tempada.<\/p>\n<p>Tres integrantes do grupo Bazan foron galardoados.<\/p>\n<p>Marta como terceiro posto campionato espa\u00f1a<\/p>\n<p>Seraf\u00edn como \u00e1rbitro nacional.<\/p>\n<p>E o noso compa\u00f1eiro Manel como t\u00e9cnico<\/p>\n<p><a href=\"http:\/\/grupobazan.es\/wp-content\/uploads\/2020\/01\/IX-gala-galega-de-karate_-Grupo-Bazan.jpg\"><img loading=\"lazy\" decoding=\"async\" class=\"alignnone size-medium wp-image-1358\" src=\"http:\/\/grupobazan.es\/wp-content\/uploads\/2020\/01\/IX-gala-galega-de-karate_-Grupo-Bazan-197x300.jpg\" alt=\"IX gala galega de karate_ Grupo Bazan\" width=\"197\" height=\"300\"><\/a><\/p>\n","protected":false},"excerpt":{"rendered":"<p>O Domingo 29 de decembro, a Federaci\u00f3n Galega de Karate celebrou en Ferrol a s\u00faa IX Gala do Karate Gallego.<\/p>\n","protected":false},"author":2,"featured_media":1565,"comment_status":"closed","ping_status":"closed","sticky":false,"template":"","format":"standard","meta":{"colormag_page_layout":"default_layout","footnotes":""},"categories":[9,6],"tags":[],"class_list":["post-1356","post","type-post","status-publish","format-standard","has-post-thumbnail","hentry","category-karate","category-principal"],"_links":{"self":[{"href":"https:\/\/www.grupobazan.es\/index.php?rest_route=\/wp\/v2\/posts\/1356","targetHints":{"allow":["GET"]}}],"collection":[{"href":"https:\/\/www.grupobazan.es\/index.php?rest_route=\/wp\/v2\/posts"}],"about":[{"href":"https:\/\/www.grupobazan.es\/index.php?rest_route=\/wp\/v2\/types\/post"}],"author":[{"embeddable":true,"href":"https:\/\/www.grupobazan.es\/index.php?rest_route=\/wp\/v2\/users\/2"}],"replies":[{"embeddable":true,"href":"https:\/\/www.grupobazan.es\/index.php?rest_route=%2Fwp%2Fv2%2Fcomments&post=1356"}],"version-history":[{"count":3,"href":"https:\/\/www.grupobazan.es\/index.php?rest_route=\/wp\/v2\/posts\/1356\/revisions"}],"predecessor-version":[{"id":1566,"href":"https:\/\/www.grupobazan.es\/index.php?rest_route=\/wp\/v2\/posts\/1356\/revisions\/1566"}],"wp:featuredmedia":[{"embeddable":true,"href":"https:\/\/www.grupobazan.es\/index.php?rest_route=\/wp\/v2\/media\/1565"}],"wp:attachment":[{"href":"https:\/\/www.grupobazan.es\/index.php?rest_route=%2Fwp%2Fv2%2Fmedia&parent=1356"}],"wp:term":[{"taxonomy":"category","embeddable":true,"href":"https:\/\/www.grupobazan.es\/index.php?rest_route=%2Fwp%2Fv2%2Fcategories&post=1356"},{"taxonomy":"post_tag","embeddable":true,"href":"https:\/\/www.grupobazan.es\/index.php?rest_route=%2Fwp%2Fv2%2Ftags&post=1356"}],"curies":[{"name":"wp","href":"https:\/\/api.w.org\/{rel}","templated":true}]}}