{"id":2331,"date":"2026-01-19T19:07:34","date_gmt":"2026-01-19T19:07:34","guid":{"rendered":"https:\/\/www.grupobazan.es\/?p=2331"},"modified":"2026-01-19T19:10:20","modified_gmt":"2026-01-19T19:10:20","slug":"2331","status":"publish","type":"post","link":"https:\/\/www.grupobazan.es\/?p=2331","title":{"rendered":"O CONCELLO DE FERROL APOIA A VELA"},"content":{"rendered":"\n<figure class=\"wp-block-image aligncenter size-medium\"><img loading=\"lazy\" decoding=\"async\" width=\"300\" height=\"78\" src=\"https:\/\/www.grupobazan.es\/wp-content\/uploads\/2025\/02\/FERROL-2025-300x78.png\" alt=\"\" class=\"wp-image-2217\" srcset=\"https:\/\/www.grupobazan.es\/wp-content\/uploads\/2025\/02\/FERROL-2025-300x78.png 300w, https:\/\/www.grupobazan.es\/wp-content\/uploads\/2025\/02\/FERROL-2025-1024x268.png 1024w, https:\/\/www.grupobazan.es\/wp-content\/uploads\/2025\/02\/FERROL-2025-768x201.png 768w, https:\/\/www.grupobazan.es\/wp-content\/uploads\/2025\/02\/FERROL-2025.png 1500w\" sizes=\"auto, (max-width: 300px) 100vw, 300px\" \/><\/figure>\n\n\n\n<h1 class=\"wp-block-heading has-text-align-center\"><strong>CONVENIO DE COLABORACI\u00d3N ENTRE O CONCELLO DE FERROL E A A.C.R.D. GRUPO BAZAN<\/strong><\/h1>\n\n\n\n<p class=\"has-black-color has-text-color has-link-color has-medium-font-size wp-elements-ff8b2901092189a760a7cb389ac76e0c\">Como v\u00e9n sendo habitual nos \u00faltimos anos, asinouse o convenio de colaboraci\u00f3n entre o Concello de Ferrol e a A.C.R.D. Grupo Baz\u00e1n para o apoio e a promoci\u00f3n da vela, mediante unha subvenci\u00f3n nominativa.<\/p>\n\n\n\n<p class=\"has-black-color has-text-color has-link-color has-medium-font-size wp-elements-fb6d8b3ffc8ccf51e3f93664196cd60a\">O obxecto deste convenio \u00e9 establecer as bases de colaboraci\u00f3n entre o Concello de Ferrol e a A.C.R.D. Grupo Baz\u00e1n para o financiamento da s\u00faa participaci\u00f3n nas competici\u00f3ns organizadas polas federaci\u00f3ns galega e espa\u00f1ola de vela, as\u00ed como para a organizaci\u00f3n da XV Regata de Vela Lixeira \u201cR\u00eda de Ferrol\u201d.<\/p>\n\n\n\n<p class=\"has-black-color has-text-color has-link-color has-medium-font-size wp-elements-6821a946868f62c386fac1bc33f05f8a\">A nosa entidade quere expresar o seu m\u00e1is sincero agradecemento ao Concello de Ferrol polo seu apoio continuado, xa que esta colaboraci\u00f3n anual resulta fundamental para poder manter e desenvolver a actividade da vela e seguir promovendo este deporte na nosa cidade.<\/p>\n\n\n\n<p><\/p>\n","protected":false},"excerpt":{"rendered":"<p>CONVENIO DE COLABORACI\u00d3N ENTRE O CONCELLO DE FERROL E A A.C.R.D. GRUPO BAZAN Como v\u00e9n sendo habitual nos \u00faltimos anos,<\/p>\n","protected":false},"author":2,"featured_media":0,"comment_status":"closed","ping_status":"closed","sticky":false,"template":"","format":"standard","meta":{"colormag_page_layout":"default_layout","footnotes":""},"categories":[6,4],"tags":[],"class_list":["post-2331","post","type-post","status-publish","format-standard","hentry","category-principal","category-vela"],"_links":{"self":[{"href":"https:\/\/www.grupobazan.es\/index.php?rest_route=\/wp\/v2\/posts\/2331","targetHints":{"allow":["GET"]}}],"collection":[{"href":"https:\/\/www.grupobazan.es\/index.php?rest_route=\/wp\/v2\/posts"}],"about":[{"href":"https:\/\/www.grupobazan.es\/index.php?rest_route=\/wp\/v2\/types\/post"}],"author":[{"embeddable":true,"href":"https:\/\/www.grupobazan.es\/index.php?rest_route=\/wp\/v2\/users\/2"}],"replies":[{"embeddable":true,"href":"https:\/\/www.grupobazan.es\/index.php?rest_route=%2Fwp%2Fv2%2Fcomments&post=2331"}],"version-history":[{"count":3,"href":"https:\/\/www.grupobazan.es\/index.php?rest_route=\/wp\/v2\/posts\/2331\/revisions"}],"predecessor-version":[{"id":2335,"href":"https:\/\/www.grupobazan.es\/index.php?rest_route=\/wp\/v2\/posts\/2331\/revisions\/2335"}],"wp:attachment":[{"href":"https:\/\/www.grupobazan.es\/index.php?rest_route=%2Fwp%2Fv2%2Fmedia&parent=2331"}],"wp:term":[{"taxonomy":"category","embeddable":true,"href":"https:\/\/www.grupobazan.es\/index.php?rest_route=%2Fwp%2Fv2%2Fcategories&post=2331"},{"taxonomy":"post_tag","embeddable":true,"href":"https:\/\/www.grupobazan.es\/index.php?rest_route=%2Fwp%2Fv2%2Ftags&post=2331"}],"curies":[{"name":"wp","href":"https:\/\/api.w.org\/{rel}","templated":true}]}}